{"id":5361,"date":"2024-03-12T09:37:50","date_gmt":"2024-03-12T08:37:50","guid":{"rendered":"http:\/\/loronv2.qprq8050.odns.fr\/?p=5361"},"modified":"2025-02-06T08:43:46","modified_gmt":"2025-02-06T07:43:46","slug":"les-grands-jours-de-bourgogne-2024","status":"publish","type":"post","link":"https:\/\/www.loron.fr\/en\/2024\/03\/les-grands-jours-de-bourgogne-2024\/","title":{"rendered":"LES GRANDS JOURS DE BOURGOGNE 2024 ! &#x2b50;"},"content":{"rendered":"<p style=\"text-align: center\">&#x1f91d; We will be present at the &#8220;Grands jours de Bourgogne&#8221; trade fair with our Pouilly-Fuiss\u00e9, Pouilly-Fuiss\u00e9 1er Cru, Vir\u00e9-Cless\u00e9, M\u00e2con Chardonnay and Saint-V\u00e9ran on Wednesday 20 March <strong>Stand 125<\/strong> , during the &#8220;symphonie m\u00e2connaise&#8221;.<\/p>\n<p style=\"text-align: center\"><strong><a href=\"https:\/\/www.loron.fr\/en\/our-wines-and-estates\/\">&#x27a1;Discover our wines and estates<\/a><\/strong><\/p>\n","protected":false},"excerpt":{"rendered":"<p>&#x1f91d; We will be present at the &#8220;Grands jours de Bourgogne&#8221; trade fair with our Pouilly-Fuiss\u00e9, Pouilly-Fuiss\u00e9 1er Cru, Vir\u00e9-Cless\u00e9, M\u00e2con Chardonnay and Saint-V\u00e9ran on Wednesday 20 March Stand 125 , during the &#8220;symphonie m\u00e2connaise&#8221;. &#x27a1;Discover our wines and estates<\/p>\n","protected":false},"author":1,"featured_media":0,"comment_status":"open","ping_status":"open","sticky":false,"template":"","format":"standard","meta":{"footnotes":""},"categories":[1],"tags":[],"class_list":["post-5361","post","type-post","status-publish","format-standard","hentry","category-non-classifiee"],"acf":[],"yoast_head":"<!-- This site is optimized with the Yoast SEO plugin v18.4.1 - https:\/\/yoast.com\/wordpress\/plugins\/seo\/ -->\n<title>LES GRANDS JOURS DE BOURGOGNE 2024 ! &#x2b50; - Maison Jean Loron<\/title>\n<meta name=\"robots\" content=\"index, follow, max-snippet:-1, max-image-preview:large, max-video-preview:-1\" \/>\n<link rel=\"canonical\" href=\"https:\/\/www.loron.fr\/en\/2024\/03\/les-grands-jours-de-bourgogne-2024\/\" \/>\n<meta property=\"og:locale\" content=\"en_US\" \/>\n<meta property=\"og:type\" content=\"article\" \/>\n<meta property=\"og:title\" content=\"LES GRANDS JOURS DE BOURGOGNE 2024 ! &#x2b50; - Maison Jean Loron\" \/>\n<meta property=\"og:description\" content=\"&#x1f91d; We will be present at the &#8220;Grands jours de Bourgogne&#8221; trade fair with our Pouilly-Fuiss\u00e9, Pouilly-Fuiss\u00e9 1er Cru, Vir\u00e9-Cless\u00e9, M\u00e2con Chardonnay and Saint-V\u00e9ran on Wednesday 20 March Stand 125 , during the &#8220;symphonie m\u00e2connaise&#8221;. &#x27a1;Discover our wines and estates\" \/>\n<meta property=\"og:url\" content=\"https:\/\/www.loron.fr\/en\/2024\/03\/les-grands-jours-de-bourgogne-2024\/\" \/>\n<meta property=\"og:site_name\" content=\"Maison Jean Loron\" \/>\n<meta property=\"article:published_time\" content=\"2024-03-12T08:37:50+00:00\" \/>\n<meta property=\"article:modified_time\" content=\"2025-02-06T07:43:46+00:00\" \/>\n<meta name=\"twitter:card\" content=\"summary_large_image\" \/>\n<meta name=\"twitter:label1\" content=\"Written by\" \/>\n\t<meta name=\"twitter:data1\" content=\"dev\" \/>\n\t<meta name=\"twitter:label2\" content=\"Est. reading time\" \/>\n\t<meta name=\"twitter:data2\" content=\"1 minute\" \/>\n<script type=\"application\/ld+json\" class=\"yoast-schema-graph\">{\"@context\":\"https:\/\/schema.org\",\"@graph\":[{\"@type\":\"WebSite\",\"@id\":\"https:\/\/www.loron.fr\/en\/#website\",\"url\":\"https:\/\/www.loron.fr\/en\/\",\"name\":\"Maison Jean Loron\",\"description\":\"Domaines viticoles en Beaujolais et M\u00e2connais\",\"potentialAction\":[{\"@type\":\"SearchAction\",\"target\":{\"@type\":\"EntryPoint\",\"urlTemplate\":\"https:\/\/www.loron.fr\/en\/?s={search_term_string}\"},\"query-input\":\"required name=search_term_string\"}],\"inLanguage\":\"en-US\"},{\"@type\":\"WebPage\",\"@id\":\"https:\/\/www.loron.fr\/en\/2024\/03\/les-grands-jours-de-bourgogne-2024\/#webpage\",\"url\":\"https:\/\/www.loron.fr\/en\/2024\/03\/les-grands-jours-de-bourgogne-2024\/\",\"name\":\"LES GRANDS JOURS DE BOURGOGNE 2024 ! &#x2b50; - Maison Jean Loron\",\"isPartOf\":{\"@id\":\"https:\/\/www.loron.fr\/en\/#website\"},\"datePublished\":\"2024-03-12T08:37:50+00:00\",\"dateModified\":\"2025-02-06T07:43:46+00:00\",\"author\":{\"@id\":\"https:\/\/www.loron.fr\/en\/#\/schema\/person\/9b24eb529c7aa581e9a80577f0406221\"},\"breadcrumb\":{\"@id\":\"https:\/\/www.loron.fr\/en\/2024\/03\/les-grands-jours-de-bourgogne-2024\/#breadcrumb\"},\"inLanguage\":\"en-US\",\"potentialAction\":[{\"@type\":\"ReadAction\",\"target\":[\"https:\/\/www.loron.fr\/en\/2024\/03\/les-grands-jours-de-bourgogne-2024\/\"]}]},{\"@type\":\"BreadcrumbList\",\"@id\":\"https:\/\/www.loron.fr\/en\/2024\/03\/les-grands-jours-de-bourgogne-2024\/#breadcrumb\",\"itemListElement\":[{\"@type\":\"ListItem\",\"position\":1,\"name\":\"Accueil\",\"item\":\"https:\/\/www.loron.fr\/en\/\"},{\"@type\":\"ListItem\",\"position\":2,\"name\":\"LES GRANDS JOURS DE BOURGOGNE 2024 ! &#x2b50;\"}]},{\"@type\":\"Person\",\"@id\":\"https:\/\/www.loron.fr\/en\/#\/schema\/person\/9b24eb529c7aa581e9a80577f0406221\",\"name\":\"dev\",\"image\":{\"@type\":\"ImageObject\",\"@id\":\"https:\/\/www.loron.fr\/en\/#personlogo\",\"inLanguage\":\"en-US\",\"url\":\"https:\/\/secure.gravatar.com\/avatar\/c976327943a7b93dc0e19768686b650f?s=96&d=mm&r=g\",\"contentUrl\":\"https:\/\/secure.gravatar.com\/avatar\/c976327943a7b93dc0e19768686b650f?s=96&d=mm&r=g\",\"caption\":\"dev\"},\"sameAs\":[\"http:\/\/boutique.loron.fr\"],\"url\":\"https:\/\/www.loron.fr\/en\/author\/dev\/\"}]}<\/script>\n<!-- \/ Yoast SEO plugin. -->","yoast_head_json":{"title":"LES GRANDS JOURS DE BOURGOGNE 2024 ! &#x2b50; - Maison Jean Loron","robots":{"index":"index","follow":"follow","max-snippet":"max-snippet:-1","max-image-preview":"max-image-preview:large","max-video-preview":"max-video-preview:-1"},"canonical":"https:\/\/www.loron.fr\/en\/2024\/03\/les-grands-jours-de-bourgogne-2024\/","og_locale":"en_US","og_type":"article","og_title":"LES GRANDS JOURS DE BOURGOGNE 2024 ! &#x2b50; - Maison Jean Loron","og_description":"&#x1f91d; We will be present at the &#8220;Grands jours de Bourgogne&#8221; trade fair with our Pouilly-Fuiss\u00e9, Pouilly-Fuiss\u00e9 1er Cru, Vir\u00e9-Cless\u00e9, M\u00e2con Chardonnay and Saint-V\u00e9ran on Wednesday 20 March Stand 125 , during the &#8220;symphonie m\u00e2connaise&#8221;. &#x27a1;Discover our wines and estates","og_url":"https:\/\/www.loron.fr\/en\/2024\/03\/les-grands-jours-de-bourgogne-2024\/","og_site_name":"Maison Jean Loron","article_published_time":"2024-03-12T08:37:50+00:00","article_modified_time":"2025-02-06T07:43:46+00:00","twitter_card":"summary_large_image","twitter_misc":{"Written by":"dev","Est. reading time":"1 minute"},"schema":{"@context":"https:\/\/schema.org","@graph":[{"@type":"WebSite","@id":"https:\/\/www.loron.fr\/en\/#website","url":"https:\/\/www.loron.fr\/en\/","name":"Maison Jean Loron","description":"Domaines viticoles en Beaujolais et M\u00e2connais","potentialAction":[{"@type":"SearchAction","target":{"@type":"EntryPoint","urlTemplate":"https:\/\/www.loron.fr\/en\/?s={search_term_string}"},"query-input":"required name=search_term_string"}],"inLanguage":"en-US"},{"@type":"WebPage","@id":"https:\/\/www.loron.fr\/en\/2024\/03\/les-grands-jours-de-bourgogne-2024\/#webpage","url":"https:\/\/www.loron.fr\/en\/2024\/03\/les-grands-jours-de-bourgogne-2024\/","name":"LES GRANDS JOURS DE BOURGOGNE 2024 ! &#x2b50; - Maison Jean Loron","isPartOf":{"@id":"https:\/\/www.loron.fr\/en\/#website"},"datePublished":"2024-03-12T08:37:50+00:00","dateModified":"2025-02-06T07:43:46+00:00","author":{"@id":"https:\/\/www.loron.fr\/en\/#\/schema\/person\/9b24eb529c7aa581e9a80577f0406221"},"breadcrumb":{"@id":"https:\/\/www.loron.fr\/en\/2024\/03\/les-grands-jours-de-bourgogne-2024\/#breadcrumb"},"inLanguage":"en-US","potentialAction":[{"@type":"ReadAction","target":["https:\/\/www.loron.fr\/en\/2024\/03\/les-grands-jours-de-bourgogne-2024\/"]}]},{"@type":"BreadcrumbList","@id":"https:\/\/www.loron.fr\/en\/2024\/03\/les-grands-jours-de-bourgogne-2024\/#breadcrumb","itemListElement":[{"@type":"ListItem","position":1,"name":"Accueil","item":"https:\/\/www.loron.fr\/en\/"},{"@type":"ListItem","position":2,"name":"LES GRANDS JOURS DE BOURGOGNE 2024 ! &#x2b50;"}]},{"@type":"Person","@id":"https:\/\/www.loron.fr\/en\/#\/schema\/person\/9b24eb529c7aa581e9a80577f0406221","name":"dev","image":{"@type":"ImageObject","@id":"https:\/\/www.loron.fr\/en\/#personlogo","inLanguage":"en-US","url":"https:\/\/secure.gravatar.com\/avatar\/c976327943a7b93dc0e19768686b650f?s=96&d=mm&r=g","contentUrl":"https:\/\/secure.gravatar.com\/avatar\/c976327943a7b93dc0e19768686b650f?s=96&d=mm&r=g","caption":"dev"},"sameAs":["http:\/\/boutique.loron.fr"],"url":"https:\/\/www.loron.fr\/en\/author\/dev\/"}]}},"_links":{"self":[{"href":"https:\/\/www.loron.fr\/en\/wp-json\/wp\/v2\/posts\/5361","targetHints":{"allow":["GET"]}}],"collection":[{"href":"https:\/\/www.loron.fr\/en\/wp-json\/wp\/v2\/posts"}],"about":[{"href":"https:\/\/www.loron.fr\/en\/wp-json\/wp\/v2\/types\/post"}],"author":[{"embeddable":true,"href":"https:\/\/www.loron.fr\/en\/wp-json\/wp\/v2\/users\/1"}],"replies":[{"embeddable":true,"href":"https:\/\/www.loron.fr\/en\/wp-json\/wp\/v2\/comments?post=5361"}],"version-history":[{"count":1,"href":"https:\/\/www.loron.fr\/en\/wp-json\/wp\/v2\/posts\/5361\/revisions"}],"predecessor-version":[{"id":5747,"href":"https:\/\/www.loron.fr\/en\/wp-json\/wp\/v2\/posts\/5361\/revisions\/5747"}],"wp:attachment":[{"href":"https:\/\/www.loron.fr\/en\/wp-json\/wp\/v2\/media?parent=5361"}],"wp:term":[{"taxonomy":"category","embeddable":true,"href":"https:\/\/www.loron.fr\/en\/wp-json\/wp\/v2\/categories?post=5361"},{"taxonomy":"post_tag","embeddable":true,"href":"https:\/\/www.loron.fr\/en\/wp-json\/wp\/v2\/tags?post=5361"}],"curies":[{"name":"wp","href":"https:\/\/api.w.org\/{rel}","templated":true}]}}